{"id":15960,"date":"2025-09-01T20:08:46","date_gmt":"2025-09-01T20:08:46","guid":{"rendered":"https:\/\/pontott.com\/mester\/?p=15960"},"modified":"2025-09-02T08:58:49","modified_gmt":"2025-09-02T08:58:49","slug":"sajat-lakas-felujitas-szegeden","status":"publish","type":"post","link":"https:\/\/pontott.com\/mester\/sajat-lakas-felujitas-szegeden\/","title":{"rendered":"Saj\u00e1t lak\u00e1s fel\u00faj\u00edt\u00e1s Szegeden:"},"content":{"rendered":"\t\t<div data-elementor-type=\"wp-post\" data-elementor-id=\"15960\" class=\"elementor elementor-15960\">\n\t\t\t\t<div class=\"elementor-element elementor-element-e38c790 e-flex e-con-boxed e-con e-parent\" data-id=\"e38c790\" data-element_type=\"container\" data-e-type=\"container\">\n\t\t\t\t\t<div class=\"e-con-inner\">\n\t\t<div class=\"elementor-element elementor-element-8c96516 e-con-full e-flex e-con e-child\" data-id=\"8c96516\" data-element_type=\"container\" data-e-type=\"container\">\n\t\t\t\t<div class=\"elementor-element elementor-element-505453b elementor-widget elementor-widget-text-editor\" data-id=\"505453b\" data-element_type=\"widget\" data-e-type=\"widget\" data-widget_type=\"text-editor.default\">\n\t\t\t\t\t\t\t\t\t<p><!-- Structured Data (SEO) --><br \/><script type=\"application\/ld+json\">\n{\n  \"@context\": \"https:\/\/schema.org\",\n  \"@type\": \"BlogPosting\",\n  \"headline\": \"Saj\u00e1t lak\u00e1s fel\u00faj\u00edt\u00e1s Szegeden: a mozaik padl\u00f3t\u00f3l a lamin\u00e1lt parkett\u00e1ig\",\n  \"author\": {\n    \"@type\": \"Person\",\n    \"name\": \"Salih AK\"\n  },\n  \"publisher\": {\n    \"@type\": \"Organization\",\n    \"name\": \"Pontott Mester\",\n    \"logo\": {\n      \"@type\": \"ImageObject\",\n      \"url\": \"https:\/\/pontott.com\/logo.png\"\n    }\n  },\n  \"datePublished\": \"2025-09-01\",\n  \"description\": \"Szeged-i lak\u00e1sfel\u00faj\u00edt\u00e1s t\u00f6rt\u00e9netem: mozaik padl\u00f3, lamin\u00e1lt parketta \u00e9s saj\u00e1t kez\u0171 fel\u00faj\u00edt\u00e1s Magyarorsz\u00e1gon. Inspir\u00e1ci\u00f3 kezd\u0151 lak\u00e1sfel\u00faj\u00edt\u00f3knak.\",\n  \"mainEntityOfPage\": {\n    \"@type\": \"WebPage\",\n    \"@id\": \"https:\/\/pontott.com\/blog\/sajatlakasfelujitas-szeged\"\n  }\n}\n<\/script><\/p><p><!-- Blog Tartalom --><\/p><div class=\"blog-post\" style=\"font-family: Arial, sans-serif; line-height: 1.7; color: #333; max-width: 800px; margin: 0 auto; padding: 20px;\"><h1 style=\"text-align: center; margin-bottom: 20px;\">Saj\u00e1t lak\u00e1s fel\u00faj\u00edt\u00e1s Szegeden: a mozaik padl\u00f3t\u00f3l a lamin\u00e1lt parkett\u00e1ig <img decoding=\"async\" class=\"emoji\" role=\"img\" draggable=\"false\" src=\"https:\/\/s.w.org\/images\/core\/emoji\/16.0.1\/svg\/1f3e1.svg\" alt=\"\ud83c\udfe1\" \/><\/h1><p>Magyarorsz\u00e1gra k\u00f6lt\u00f6z\u00e9sem els\u0151 kisebb projektje Szegeden a saj\u00e1t f\u00fcrd\u0151szob\u00e1nk padl\u00f3j\u00e1nak <strong>mozaik burkol\u00e1sa<\/strong> volt. Az apr\u00f3 k\u00f6vek prec\u00edz elhelyez\u00e9se kih\u00edv\u00e1s, de a v\u00e9geredm\u00e9ny \u00f6r\u00f6me feledhetetlen. M\u00e1r itt \u00e9reztem, hogy a k\u00e9zzel v\u00e9gzett munka \u00e9s a kreat\u00edv alkot\u00e1s \u00f6r\u00f6me milyen m\u00e9lyen inspir\u00e1l\u00f3 lehet.<\/p><p>Eml\u00e9kszem, amikor a feles\u00e9gemmel tal\u00e1lkoztunk, \u00e9s Magyarorsz\u00e1gra k\u00f6lt\u00f6zt\u00fcnk, egy ideig a sz\u00e1m\u00edt\u00e1stechnika \u00e9s informatikai szektorban dolgoztam. A mindennapi rutin \u00e9s a munka intenzit\u00e1sa miatt gyakran \u00e9reztem, hogy v\u00e1lt\u00e1sra van sz\u00fcks\u00e9gem.<\/p><p>A munkahelyi sz\u00fcnetekben az otthonunkkal foglalkoztunk: apr\u00f3 fel\u00faj\u00edt\u00e1sok, kisebb jav\u00edt\u00e1sok. Itt kezd\u0151d\u00f6tt az igazi szenved\u00e9lyem az <strong>otthonfel\u00faj\u00edt\u00e1s ir\u00e1nt Magyarorsz\u00e1gon<\/strong>. A mozaik padl\u00f3 prec\u00edz \u00e9s apr\u00f3l\u00e9kos munk\u00e1t ig\u00e9nyel, de az elk\u00e9sz\u00fclt fel\u00fclet l\u00e1tv\u00e1nya le\u00edrhatatlan \u00f6r\u00f6met ad.<\/p><p>Ahogy telt az id\u0151, a fel\u00faj\u00edt\u00e1si szenved\u00e9lyem egyre ink\u00e1bb \u00e1tfogta az eg\u00e9sz lak\u00e1st. Minden r\u00e9gi r\u00e9szletet \u00fajra\u00e9lesztett\u00fcnk, minden fel\u00fcletet friss\u00edtett\u00fcnk. Az a l\u00e1tv\u00e1ny, amikor valami r\u00e9gi \u00fajj\u00e1\u00e9led, egyszerre ad kreat\u00edv \u00e9s lelki el\u00e9gedetts\u00e9get.<\/p><p>A k\u00f6vetkez\u0151 nagy l\u00e9p\u00e9s\u00fcnk a csal\u00e1ddal: a l\u00e1nyommal \u00e9s egy bar\u00e1tunkkal <strong>lamin\u00e1lt parkett\u00e1t fogunk lerakni<\/strong>. Minden \u00faj projekt egy \u00faj \u00e9lm\u00e9ny, \u00faj technik\u00e1k \u00e9s \u00faj \u00f6r\u00f6mforr\u00e1s.<\/p><p>Szeged minden lak\u00e1sfel\u00faj\u00edt\u00f3 sz\u00e1m\u00e1ra inspir\u00e1l\u00f3 v\u00e1ros. <strong>Kis mozaik k\u00f6vekt\u0151l a gipszkarton \u00e1lmennyezetekig, vagy a lamin\u00e1lt parkett\u00e1ig<\/strong> minden apr\u00f3 r\u00e9szlet a kreativit\u00e1s \u00e9s a szak\u00e9rtelem tal\u00e1lkoz\u00e1sa. Ha \u00d6n is szeretn\u00e9 \u00e1talak\u00edtani otthon\u00e1t, a saj\u00e1t t\u00f6rt\u00e9netem inspir\u00e1ci\u00f3jak\u00e9nt \u00e9n sz\u00edvesen seg\u00edtek, hogy egy\u00fctt \u00e9lhess\u00fck \u00e1t a fel\u00faj\u00edt\u00e1s \u00f6r\u00f6m\u00e9t Szegeden.<\/p><\/div>\t\t\t\t\t\t\t\t<\/div>\n\t\t\t\t<\/div>\n\t\t<div class=\"elementor-element elementor-element-a8ab498 e-con-full e-flex e-con e-child\" data-id=\"a8ab498\" data-element_type=\"container\" data-e-type=\"container\">\n\t\t<div class=\"elementor-element elementor-element-4a8dbed e-con-full e-flex e-con e-child\" data-id=\"4a8dbed\" data-element_type=\"container\" data-e-type=\"container\">\n\t\t\t\t<div class=\"elementor-element elementor-element-b17fd9b elementor-widget elementor-widget-image\" data-id=\"b17fd9b\" data-element_type=\"widget\" data-e-type=\"widget\" data-widget_type=\"image.default\">\n\t\t\t\t\t\t\t\t\t\t\t\t\t\t\t<img fetchpriority=\"high\" decoding=\"async\" width=\"302\" height=\"406\" src=\"https:\/\/pontott.com\/mester\/wp-content\/uploads\/sites\/4\/2025\/09\/IMG_20190716_143047-e1756757647438.jpg\" class=\"attachment-large size-large wp-image-15963\" alt=\"\" srcset=\"https:\/\/pontott.com\/mester\/wp-content\/uploads\/sites\/4\/2025\/09\/IMG_20190716_143047-e1756757647438.jpg 302w, https:\/\/pontott.com\/mester\/wp-content\/uploads\/sites\/4\/2025\/09\/IMG_20190716_143047-e1756757647438-223x300.jpg 223w\" sizes=\"(max-width: 302px) 100vw, 302px\" \/>\t\t\t\t\t\t\t\t\t\t\t\t\t\t\t<\/div>\n\t\t\t\t<div class=\"elementor-element elementor-element-4a6f089 elementor-widget elementor-widget-image\" data-id=\"4a6f089\" data-element_type=\"widget\" data-e-type=\"widget\" data-widget_type=\"image.default\">\n\t\t\t\t\t\t\t\t\t\t\t\t\t\t\t<img decoding=\"async\" width=\"1024\" height=\"683\" src=\"https:\/\/pontott.com\/mester\/wp-content\/uploads\/sites\/4\/2025\/09\/salih-mozaik.png\" class=\"attachment-large size-large wp-image-15967\" alt=\"\" srcset=\"https:\/\/pontott.com\/mester\/wp-content\/uploads\/sites\/4\/2025\/09\/salih-mozaik.png 1024w, https:\/\/pontott.com\/mester\/wp-content\/uploads\/sites\/4\/2025\/09\/salih-mozaik-300x200.png 300w, https:\/\/pontott.com\/mester\/wp-content\/uploads\/sites\/4\/2025\/09\/salih-mozaik-768x512.png 768w\" sizes=\"(max-width: 1024px) 100vw, 1024px\" \/>\t\t\t\t\t\t\t\t\t\t\t\t\t\t\t<\/div>\n\t\t\t\t<\/div>\n\t\t<div class=\"elementor-element elementor-element-7de1c73 e-con-full e-flex e-con e-child\" data-id=\"7de1c73\" data-element_type=\"container\" data-e-type=\"container\">\n\t\t\t\t<div class=\"elementor-element elementor-element-c998ed7 elementor-button-success elementor-align-center elementor-widget elementor-widget-button\" data-id=\"c998ed7\" data-element_type=\"widget\" data-e-type=\"widget\" data-widget_type=\"button.default\">\n\t\t\t\t\t\t\t\t\t\t<a class=\"elementor-button elementor-button-link elementor-size-sm\" href=\"https:\/\/photos.app.goo.gl\/5SG7A7333CKtMVuZ6\">\n\t\t\t\t\t\t<span class=\"elementor-button-content-wrapper\">\n\t\t\t\t\t\t<span class=\"elementor-button-icon\">\n\t\t\t\t<i aria-hidden=\"true\" class=\"fas fa-photo-video\"><\/i>\t\t\t<\/span>\n\t\t\t\t\t\t\t\t\t<span class=\"elementor-button-text\">A k\u00e9pek jobb megtekint\u00e9s\u00e9hez kattintson ide!<\/span>\n\t\t\t\t\t<\/span>\n\t\t\t\t\t<\/a>\n\t\t\t\t\t\t\t\t<\/div>\n\t\t\t\t<\/div>\n\t\t\t\t<\/div>\n\t\t\t\t\t<\/div>\n\t\t\t\t<\/div>\n\t\t<div class=\"elementor-element elementor-element-75f4cb2 e-flex e-con-boxed e-con e-parent\" data-id=\"75f4cb2\" data-element_type=\"container\" data-e-type=\"container\">\n\t\t\t\t\t<div class=\"e-con-inner\">\n\t\t\t\t\t<\/div>\n\t\t\t\t<\/div>\n\t\t\t\t<\/div>\n\t\t","protected":false},"excerpt":{"rendered":"<p>Saj\u00e1t lak\u00e1s fel\u00faj\u00edt\u00e1s Szegeden: a mozaik padl\u00f3t\u00f3l a lamin\u00e1lt parkett\u00e1ig Magyarorsz\u00e1gra k\u00f6lt\u00f6z\u00e9sem els\u0151 kisebb projektje Szegeden a saj\u00e1t f\u00fcrd\u0151szob\u00e1nk padl\u00f3j\u00e1nak mozaik burkol\u00e1sa volt. Az apr\u00f3 k\u00f6vek prec\u00edz elhelyez\u00e9se kih\u00edv\u00e1s, de a v\u00e9geredm\u00e9ny \u00f6r\u00f6me feledhetetlen. M\u00e1r itt \u00e9reztem, hogy a k\u00e9zzel v\u00e9gzett munka \u00e9s a kreat\u00edv alkot\u00e1s \u00f6r\u00f6me milyen m\u00e9lyen inspir\u00e1l\u00f3 lehet. Eml\u00e9kszem, amikor a feles\u00e9gemmel [&hellip;]<\/p>\n","protected":false},"author":1,"featured_media":15967,"comment_status":"open","ping_status":"open","sticky":false,"template":"elementor_header_footer","format":"standard","meta":{"footnotes":""},"categories":[1],"tags":[],"class_list":["post-15960","post","type-post","status-publish","format-standard","has-post-thumbnail","hentry","category-uncategorized"],"acf":[],"_links":{"self":[{"href":"https:\/\/pontott.com\/mester\/wp-json\/wp\/v2\/posts\/15960","targetHints":{"allow":["GET"]}}],"collection":[{"href":"https:\/\/pontott.com\/mester\/wp-json\/wp\/v2\/posts"}],"about":[{"href":"https:\/\/pontott.com\/mester\/wp-json\/wp\/v2\/types\/post"}],"author":[{"embeddable":true,"href":"https:\/\/pontott.com\/mester\/wp-json\/wp\/v2\/users\/1"}],"replies":[{"embeddable":true,"href":"https:\/\/pontott.com\/mester\/wp-json\/wp\/v2\/comments?post=15960"}],"version-history":[{"count":22,"href":"https:\/\/pontott.com\/mester\/wp-json\/wp\/v2\/posts\/15960\/revisions"}],"predecessor-version":[{"id":16065,"href":"https:\/\/pontott.com\/mester\/wp-json\/wp\/v2\/posts\/15960\/revisions\/16065"}],"wp:featuredmedia":[{"embeddable":true,"href":"https:\/\/pontott.com\/mester\/wp-json\/wp\/v2\/media\/15967"}],"wp:attachment":[{"href":"https:\/\/pontott.com\/mester\/wp-json\/wp\/v2\/media?parent=15960"}],"wp:term":[{"taxonomy":"category","embeddable":true,"href":"https:\/\/pontott.com\/mester\/wp-json\/wp\/v2\/categories?post=15960"},{"taxonomy":"post_tag","embeddable":true,"href":"https:\/\/pontott.com\/mester\/wp-json\/wp\/v2\/tags?post=15960"}],"curies":[{"name":"wp","href":"https:\/\/api.w.org\/{rel}","templated":true}]}}